{"id":1751,"date":"2019-03-20T11:49:25","date_gmt":"2019-03-20T11:49:25","guid":{"rendered":"https:\/\/visitarcticnorth.fi\/?p=1751"},"modified":"2021-04-07T12:21:44","modified_gmt":"2021-04-07T09:21:44","slug":"porosafarille-arktisen-taivaan-alla","status":"publish","type":"post","link":"https:\/\/visitarcticnorth.fi\/fi\/porosafarille-arktisen-taivaan-alla\/","title":{"rendered":"My\u00f6h\u00e4isell\u00e4 porosafarilla arktisen taivaan alla"},"content":{"rendered":"<p>[et_pb_section fb_built=&#8221;1&#8243; fullwidth=&#8221;on&#8221; _builder_version=&#8221;3.22&#8243;][et_pb_fullwidth_post_title meta=&#8221;off&#8221; featured_placement=&#8221;background&#8221; text_color=&#8221;light&#8221; module_class=&#8221;artikkeli_featuredimage&#8221; _builder_version=&#8221;3.19.18&#8243; text_orientation=&#8221;center&#8221;][\/et_pb_fullwidth_post_title][\/et_pb_section][et_pb_section fb_built=&#8221;1&#8243; module_class=&#8221;artikkeli_moduli&#8221; _builder_version=&#8221;3.22&#8243;][et_pb_row _builder_version=&#8221;3.25&#8243; background_size=&#8221;initial&#8221; background_position=&#8221;top_left&#8221; background_repeat=&#8221;repeat&#8221;][et_pb_column type=&#8221;4_4&#8243; _builder_version=&#8221;3.25&#8243; custom_padding=&#8221;|||&#8221; custom_padding__hover=&#8221;|||&#8221;][et_pb_text admin_label=&#8221;Text 1&#8243; _builder_version=&#8221;3.27.4&#8243;]<\/p>\n<p><em>Teksti ja kuvat Sanna Kyll\u00f6nen \u00a9 <br \/><\/em><\/p>\n<p>Helmikuun viimeinen p\u00e4iv\u00e4 oli k\u00e4\u00e4ntym\u00e4ss\u00e4 illaksi. Saavuin Koparan porotilalle sinisen hetken aikaan, ja odottelin muita safarilleosallistujia sek\u00e4 oppaita katsellen ymp\u00e4rill\u00e4ni vallitsevaa avaraa luontomaisemaa. Lumipenkat kimmelsiv\u00e4t talvisina ja puhtaina, mutta lauha jakso oli pudottanut kaikki tykkylumet jo puista. Luonto n\u00e4ytti empiv\u00e4n kahden vaiheilla, k\u00e4\u00e4nty\u00e4k\u00f6 jo kev\u00e4tt\u00e4 kohti, vai viel\u00e4k\u00f6 pit\u00e4\u00e4 talvesta kiinni t\u00e4ydell\u00e4 otteella.<\/p>\n<p>Olin osallistumassa my\u00f6h\u00e4iselle porosafarille arktisen taivaan alla, joka j\u00e4rjestettiin nyt t\u00e4lle talvelle viimeisen kerran. Kirkas taivas ja pikkuhiljaa syttyv\u00e4t t\u00e4hdet enteiliv\u00e4t hyv\u00e4\u00e4 mahdollisuutta n\u00e4hd\u00e4 revontulia. Asun Pyh\u00e4tunturilla, mutta kuluneena talvena en ollut ehtinyt juuri bongata revontulia vauvani kanssa iltoja viett\u00e4ess\u00e4. Nyt oli siis luvassa odotettu, nyky\u00e4\u00e4n harvinaisempi, minun oma iltahetkeni ja -retkeni. Ei kaupungin valoihin ja baarin meteliin, vaan poron reen kyytiin talviseen kairaan, hankien keskelle, kirkkaan y\u00f6taivaan ja ehk\u00e4 jopa revontulien alle.<\/p>\n<p>Toinen oppaistamme, Hanna, johdatti meid\u00e4t rekien eteen valjastettujen porojen luokse. Porot n\u00e4yttiv\u00e4t tyynilt\u00e4 ja raukeilta osan jopa k\u00f6ll\u00f6telless\u00e4 rekens\u00e4 edess\u00e4, mutta porotilan oma opas muistutti niiden olevan luonnon el\u00e4imi\u00e4 villeine vaistoinensa. Poroja tulee kunnioittaa ja pysy\u00e4 rauhallisena niiden l\u00e4hettyvill\u00e4, vaikka n\u00e4m\u00e4 yksil\u00f6t olivatkin hyvin koulutettuja teht\u00e4v\u00e4\u00e4ns\u00e4. Muu ei itsell\u00e4ni tullutkaan mieleen, sill\u00e4 osalla nelijalkaisista oli edelleen sen verran komeat sarvet p\u00e4\u00e4ss\u00e4, ettei niist\u00e4 halunnut saada osumaa. Muutamat olivat jo jokakev\u00e4iseen tapaan pudottaneet sarvensa, ja valmistautuivat rekiretkeen kevyemm\u00e4ll\u00e4 olemuksella.<\/p>\n<p>[\/et_pb_text][et_pb_image src=&#8221;https:\/\/visitarcticnorth.fi\/wp-content\/uploads\/2019\/03\/Sanna-Muumi-nuuskii-maata.jpg&#8221; align_tablet=&#8221;center&#8221; align_phone=&#8221;&#8221; align_last_edited=&#8221;on|desktop&#8221; admin_label=&#8221;Kuva  Muumi nuuskii maata&#8221; module_class=&#8221;artikkeli_kuva&#8221; _builder_version=&#8221;3.23&#8243;][\/et_pb_image][et_pb_text admin_label=&#8221;Text 2&#8243; _builder_version=&#8221;3.27.4&#8243;]<\/p>\n<p>Mukana retkell\u00e4 oli minun ja kahden oppaan lis\u00e4ksi viisi saksalaista aikuista, ja 6-vuotias tytt\u00f6. Istuuduimme rekiin paksujen huopien alle y\u00f6taivaan pimetess\u00e4 niin, ett\u00e4 ilman otsalamppua ei en\u00e4\u00e4 paljoa n\u00e4hnyt ymp\u00e4rille. Reke\u00e4ni vet\u00e4nyt Tumppi-poro oli kauniin valkoinen, joten edess\u00e4 keikkuvan p\u00f6rr\u00f6isen poronpepun erotti pime\u00e4ss\u00e4kin hyvin. L\u00e4hdimme matkaan mets\u00e4n syvyyksiin porojen k\u00e4yskennelless\u00e4 tottunein askelin oppaan johdolla.<\/p>\n<p>Oli aivan hiljaista. Kuului vain lumen narina reen jalasten alla ja sorkkien askeleet polulla. Hanget hohtivat hiukan valoa, mutta tummat puut ymp\u00e4rill\u00e4 tekiv\u00e4t maisemasta mystisen. Valosaastetta ei todellakaan ollut, koko taivaankansi oli kirkkaana \u00e4\u00e4rett\u00f6m\u00e4st\u00e4 m\u00e4\u00e4r\u00e4st\u00e4 t\u00e4hti\u00e4. Per\u00e4ss\u00e4ni tulevaa reke\u00e4 veti Muumi-niminen poro, jonka l\u00e4ikikk\u00e4\u00e4n v\u00e4rinen turpa ja rospuuttoisen n\u00e4k\u00f6iset, nahkaa irrottavat sarvet keikkuivat vieress\u00e4ni. Muumi-poron sympaattisen huvittava olemus piti jalkani maanpinnalla ja t\u00e4ss\u00e4 hetkess\u00e4, muuten tuohon rauhallisuuteen olisi voinut melkein nukahtaa.<\/p>\n<p>Puoliv\u00e4liss\u00e4 retke\u00e4 pys\u00e4hdyimme tulistelutauolle, jonka ajaksi porot j\u00e4tettiin odottelemaan ja huilaamaan hetkeksi. Me ihmiset istuuduimme ison nuotion \u00e4\u00e4relle tervaskannon tiristess\u00e4 iloisesti liekeiss\u00e4 ja l\u00e4mmitt\u00e4en -10 asteen pakkasessa hiukan viilentyneit\u00e4 varpaita. Opas tarjosi kuumaa mehua ja pipareita, ja kertoi revontulien synnyst\u00e4 ja niihin liittyvist\u00e4 uskomuksista. Eip\u00e4 ole ihme, ett\u00e4 niihin liitet\u00e4\u00e4n niin paljon taikauskoa ja taruja, niin taianomaisia n\u00e4kyj\u00e4 revontulet parhaimmillaan ovat tieteellisest\u00e4 perustastaan huolimatta.<\/p>\n<p>Matka jatkui tauon j\u00e4lkeen yht\u00e4 seesteisess\u00e4 tunnelmassa, kuin se alkoikin. Otava ja Orion olivat tuttuina t\u00e4htikuvioina helposti l\u00f6ydett\u00e4viss\u00e4 y\u00f6taivaalta, samoin kuin oppaan osoittama, v\u00e4ri\u00e4vaihtavana loistava Merkurius. Pohjant\u00e4hti osoitti suuntaa, miss\u00e4 on viel\u00e4 sijaintiammekin pohjoisempi pohjoinen. Jossain kauempana n\u00e4kyi Pyh\u00e4tunturin rinteiden ja maston valot, muuten olisi voinut kuvitella olevansa kaukana er\u00e4maassa.<\/p>\n<p>Porot suoriutuivat tyylikk\u00e4\u00e4n varmasti vetoty\u00f6st\u00e4\u00e4n ja tarjosivat lempe\u00e4n rauhallisen kyydin. Olin odottanut ainakin yht\u00e4 poron s\u00e4ik\u00e4hdyst\u00e4 ja \u201ch\u00f6tkyilykohtausta\u201d, mutta n\u00e4m\u00e4 yksil\u00f6t vaikuttivat luotettavilta herrasmiehilt\u00e4.<\/p>\n<p>[\/et_pb_text][et_pb_image src=&#8221;https:\/\/visitarcticnorth.fi\/wp-content\/uploads\/2019\/03\/Sanna-Revontulet-1..jpg&#8221; align_tablet=&#8221;center&#8221; align_phone=&#8221;&#8221; align_last_edited=&#8221;on|desktop&#8221; admin_label=&#8221;Kuva revontuli&#8221; module_class=&#8221;artikkeli_kuva&#8221; _builder_version=&#8221;3.23&#8243;][\/et_pb_image][et_pb_text admin_label=&#8221;Text 3&#8243; _builder_version=&#8221;3.27.4&#8243;]<\/p>\n<p>Porosafarin j\u00e4lkeen tutkailimme taivasta jalkaisin. Jostain oli kertynyt pient\u00e4 pilviverhoa, jonka takaa revontulien himme\u00e4 loimotus oli havaittavissa. Ehdimme harmitella yll\u00e4tt\u00e4v\u00e4\u00e4 pilvistymist\u00e4, ja menimme tutustumaan ja l\u00e4mmittelem\u00e4\u00e4n yli 100-vuotta vanhaan poromiesten aittarakennukseen. Aitta oli matalaovinen, py\u00f6r\u00f6hirsinen pienehk\u00f6 maja, joka oli l\u00e4mmitetty kaminalla miellytt\u00e4v\u00e4ksi tarinatuvaksi. Poron taljoille kelpasi heitt\u00e4yty\u00e4 pitk\u00e4kseenkin oppaan viel\u00e4 kertoillessa faktoja poroihin ja arktiseen taivaaseen liittyen. Kurkkasimme aitasta pihalle, josko revontulia viel\u00e4 sattuisi paremmin n\u00e4kym\u00e4\u00e4n, kun havaitsimme pilvien h\u00e4lvenneen.<\/p>\n<p>Taivaanrannasta nousi koko taivaan yli loimuava vihre\u00e4\u00e4 ja pinkki\u00e4 leiskuva voimakkaasti ja nopeasti aaltoileva valo. Olen n\u00e4hnyt upeita revontulien tansseja ennenkin, mutta noin paljoa pinkinlilaa v\u00e4ri\u00e4 niiss\u00e4 en ollut koskaan ennen p\u00e4\u00e4ssyt todistamaan! Kerroin saksalaisturisteille, ett\u00e4 t\u00e4m\u00e4 on harvinaista herkkua, ett\u00e4 he todella n\u00e4kev\u00e4t sellaista, mit\u00e4 harvoin Lapissa asuvatkaan n\u00e4kev\u00e4t. Melkein koko taivas loimusi aurinkotuulen varautuneista hiukkasista, tai ketun h\u00e4nn\u00e4n huiskaistuista, mist\u00e4 kukanenkin haluaa uskoa tuon valoshown syntyv\u00e4n. Jokatapauksessa se oli niin vaikuttava, luonnon oma valoshow, ettei samaan pysty mink\u00e4\u00e4nlaiset ihmisen kehittelem\u00e4t laitteet. Amat\u00f6\u00f6rin kuvaajan taidoilla sain napattua pari kuvaa todistusaineistoksi, mutta liven\u00e4kym\u00e4lle ne eiv\u00e4t tee oikeutta.<\/p>\n<p>Retki oli ikimuistoinen ja el\u00e4myksellinen minullekin, vaikka asun Lapissa ja maisemat ovat tuttuja. Olin haltioissani. Voin vain kuvitella, milt\u00e4 ulkomaalaisturisteista kokemansa j\u00e4lkeen tuntui.<\/p>\n<p>[\/et_pb_text][et_pb_image src=&#8221;https:\/\/visitarcticnorth.fi\/wp-content\/uploads\/2019\/03\/Sanna-Poromiehen-tuvassa.jpg&#8221; align_tablet=&#8221;center&#8221; align_phone=&#8221;&#8221; align_last_edited=&#8221;on|desktop&#8221; admin_label=&#8221;Kuva porok\u00e4mpp\u00e4&#8221; _builder_version=&#8221;3.23&#8243;][\/et_pb_image][\/et_pb_column][\/et_pb_row][\/et_pb_section]<\/p>\n","protected":false},"excerpt":{"rendered":"<p>Teksti ja kuvat Sanna Kyll\u00f6nen \u00a9 Helmikuun viimeinen p\u00e4iv\u00e4 oli k\u00e4\u00e4ntym\u00e4ss\u00e4 illaksi. Saavuin Koparan porotilalle sinisen hetken aikaan, ja odottelin muita safarilleosallistujia sek\u00e4 oppaita katsellen ymp\u00e4rill\u00e4ni vallitsevaa avaraa luontomaisemaa. Lumipenkat kimmelsiv\u00e4t talvisina ja puhtaina, mutta lauha jakso oli pudottanut kaikki tykkylumet jo puista. Luonto n\u00e4ytti empiv\u00e4n kahden vaiheilla, k\u00e4\u00e4nty\u00e4k\u00f6 jo kev\u00e4tt\u00e4 kohti, vai viel\u00e4k\u00f6 pit\u00e4\u00e4 [&hellip;]<\/p>\n","protected":false},"author":2,"featured_media":1756,"comment_status":"open","ping_status":"open","sticky":false,"template":"","format":"standard","meta":{"_et_pb_use_builder":"on","_et_pb_old_content":"","_et_gb_content_width":"","_jetpack_memberships_contains_paid_content":false,"footnotes":""},"categories":[211],"tags":[275,274,276,271,273,272,279,278,256,277,224],"class_list":["post-1751","post","type-post","status-publish","format-standard","has-post-thumbnail","hentry","category-tarinoita-pyhalta","tag-aktiviteetit-luosto","tag-aktiviteetit-pyha","tag-poropuisto-kopara","tag-porosafari-pyha","tag-porot-luosto","tag-porot-pyha","tag-porotila-pyha","tag-pyha-luoston-kansallispuisto","tag-revontulet-pyha","tag-tekemista-pyha-luostolla","tag-visit-arctic-north"],"yoast_head":"<!-- This site is optimized with the Yoast SEO plugin v27.3 - https:\/\/yoast.com\/product\/yoast-seo-wordpress\/ -->\n<title>My\u00f6h\u00e4isell\u00e4 porosafarilla arktisen taivaan alla - Visit Arctic North<\/title>\n<meta name=\"description\" content=\"L\u00e4htisitk\u00f6 porosafarille arktisen taivaan alla? Koe Lapin taika, eksoottiset porot, sek\u00e4 ehk\u00e4 jopa revontulet yhden illan aikana!\" \/>\n<meta name=\"robots\" content=\"index, follow, max-snippet:-1, max-image-preview:large, max-video-preview:-1\" \/>\n<link rel=\"canonical\" href=\"https:\/\/visitarcticnorth.fi\/fi\/porosafarille-arktisen-taivaan-alla\/\" \/>\n<meta property=\"og:locale\" content=\"fi_FI\" \/>\n<meta property=\"og:type\" content=\"article\" \/>\n<meta property=\"og:title\" content=\"My\u00f6h\u00e4isell\u00e4 porosafarilla arktisen taivaan alla - Visit Arctic North\" \/>\n<meta property=\"og:description\" content=\"L\u00e4htisitk\u00f6 porosafarille arktisen taivaan alla? Koe Lapin taika, eksoottiset porot, sek\u00e4 ehk\u00e4 jopa revontulet yhden illan aikana!\" \/>\n<meta property=\"og:url\" content=\"https:\/\/visitarcticnorth.fi\/fi\/porosafarille-arktisen-taivaan-alla\/\" \/>\n<meta property=\"og:site_name\" content=\"Visit Arctic North\" \/>\n<meta property=\"article:publisher\" content=\"https:\/\/www.facebook.com\/visitarcticnorth\/\" \/>\n<meta property=\"article:published_time\" content=\"2019-03-20T11:49:25+00:00\" \/>\n<meta property=\"article:modified_time\" content=\"2021-04-07T09:21:44+00:00\" \/>\n<meta property=\"og:image\" content=\"https:\/\/visitarcticnorth.fi\/wp-content\/uploads\/2019\/03\/Sanna-Tauolla.jpg\" \/>\n\t<meta property=\"og:image:width\" content=\"1920\" \/>\n\t<meta property=\"og:image:height\" content=\"1080\" \/>\n\t<meta property=\"og:image:type\" content=\"image\/jpeg\" \/>\n<meta name=\"author\" content=\"Arctic North\" \/>\n<meta name=\"twitter:card\" content=\"summary_large_image\" \/>\n<meta name=\"twitter:label1\" content=\"Kirjoittanut\" \/>\n\t<meta name=\"twitter:data1\" content=\"Arctic North\" \/>\n\t<meta name=\"twitter:label2\" content=\"Arvioitu lukuaika\" \/>\n\t<meta name=\"twitter:data2\" content=\"5 minuuttia\" \/>\n<script type=\"application\/ld+json\" class=\"yoast-schema-graph\">{\"@context\":\"https:\\\/\\\/schema.org\",\"@graph\":[{\"@type\":\"Article\",\"@id\":\"https:\\\/\\\/visitarcticnorth.fi\\\/fi\\\/porosafarille-arktisen-taivaan-alla\\\/#article\",\"isPartOf\":{\"@id\":\"https:\\\/\\\/visitarcticnorth.fi\\\/fi\\\/porosafarille-arktisen-taivaan-alla\\\/\"},\"author\":{\"name\":\"Arctic North\",\"@id\":\"https:\\\/\\\/visitarcticnorth.fi\\\/fi\\\/#\\\/schema\\\/person\\\/7a616bfedf9f35f955dfcd267a1c914e\"},\"headline\":\"My\u00f6h\u00e4isell\u00e4 porosafarilla arktisen taivaan alla\",\"datePublished\":\"2019-03-20T11:49:25+00:00\",\"dateModified\":\"2021-04-07T09:21:44+00:00\",\"mainEntityOfPage\":{\"@id\":\"https:\\\/\\\/visitarcticnorth.fi\\\/fi\\\/porosafarille-arktisen-taivaan-alla\\\/\"},\"wordCount\":1019,\"commentCount\":0,\"publisher\":{\"@id\":\"https:\\\/\\\/visitarcticnorth.fi\\\/fi\\\/#organization\"},\"image\":{\"@id\":\"https:\\\/\\\/visitarcticnorth.fi\\\/fi\\\/porosafarille-arktisen-taivaan-alla\\\/#primaryimage\"},\"thumbnailUrl\":\"https:\\\/\\\/i0.wp.com\\\/visitarcticnorth.fi\\\/wp-content\\\/uploads\\\/2019\\\/03\\\/Sanna-Tauolla.jpg?fit=1920%2C1080&ssl=1\",\"keywords\":[\"aktiviteetit luosto\",\"aktiviteetit pyh\u00e4\",\"poropuisto kopara\",\"porosafari pyh\u00e4\",\"porot luosto\",\"porot pyh\u00e4\",\"porotila pyh\u00e4\",\"pyh\u00e4-luoston kansallispuisto\",\"Revontulet pyh\u00e4\",\"tekemist\u00e4 pyh\u00e4-luostolla\",\"Visit arctic north\"],\"articleSection\":[\"Tarinoita Pyh\u00e4lt\u00e4\"],\"inLanguage\":\"fi\",\"potentialAction\":[{\"@type\":\"CommentAction\",\"name\":\"Comment\",\"target\":[\"https:\\\/\\\/visitarcticnorth.fi\\\/fi\\\/porosafarille-arktisen-taivaan-alla\\\/#respond\"]}]},{\"@type\":\"WebPage\",\"@id\":\"https:\\\/\\\/visitarcticnorth.fi\\\/fi\\\/porosafarille-arktisen-taivaan-alla\\\/\",\"url\":\"https:\\\/\\\/visitarcticnorth.fi\\\/fi\\\/porosafarille-arktisen-taivaan-alla\\\/\",\"name\":\"My\u00f6h\u00e4isell\u00e4 porosafarilla arktisen taivaan alla - Visit Arctic North\",\"isPartOf\":{\"@id\":\"https:\\\/\\\/visitarcticnorth.fi\\\/fi\\\/#website\"},\"primaryImageOfPage\":{\"@id\":\"https:\\\/\\\/visitarcticnorth.fi\\\/fi\\\/porosafarille-arktisen-taivaan-alla\\\/#primaryimage\"},\"image\":{\"@id\":\"https:\\\/\\\/visitarcticnorth.fi\\\/fi\\\/porosafarille-arktisen-taivaan-alla\\\/#primaryimage\"},\"thumbnailUrl\":\"https:\\\/\\\/i0.wp.com\\\/visitarcticnorth.fi\\\/wp-content\\\/uploads\\\/2019\\\/03\\\/Sanna-Tauolla.jpg?fit=1920%2C1080&ssl=1\",\"datePublished\":\"2019-03-20T11:49:25+00:00\",\"dateModified\":\"2021-04-07T09:21:44+00:00\",\"description\":\"L\u00e4htisitk\u00f6 porosafarille arktisen taivaan alla? Koe Lapin taika, eksoottiset porot, sek\u00e4 ehk\u00e4 jopa revontulet yhden illan aikana!\",\"breadcrumb\":{\"@id\":\"https:\\\/\\\/visitarcticnorth.fi\\\/fi\\\/porosafarille-arktisen-taivaan-alla\\\/#breadcrumb\"},\"inLanguage\":\"fi\",\"potentialAction\":[{\"@type\":\"ReadAction\",\"target\":[\"https:\\\/\\\/visitarcticnorth.fi\\\/fi\\\/porosafarille-arktisen-taivaan-alla\\\/\"]}]},{\"@type\":\"ImageObject\",\"inLanguage\":\"fi\",\"@id\":\"https:\\\/\\\/visitarcticnorth.fi\\\/fi\\\/porosafarille-arktisen-taivaan-alla\\\/#primaryimage\",\"url\":\"https:\\\/\\\/i0.wp.com\\\/visitarcticnorth.fi\\\/wp-content\\\/uploads\\\/2019\\\/03\\\/Sanna-Tauolla.jpg?fit=1920%2C1080&ssl=1\",\"contentUrl\":\"https:\\\/\\\/i0.wp.com\\\/visitarcticnorth.fi\\\/wp-content\\\/uploads\\\/2019\\\/03\\\/Sanna-Tauolla.jpg?fit=1920%2C1080&ssl=1\",\"width\":1920,\"height\":1080},{\"@type\":\"BreadcrumbList\",\"@id\":\"https:\\\/\\\/visitarcticnorth.fi\\\/fi\\\/porosafarille-arktisen-taivaan-alla\\\/#breadcrumb\",\"itemListElement\":[{\"@type\":\"ListItem\",\"position\":1,\"name\":\"Home\",\"item\":\"https:\\\/\\\/visitarcticnorth.fi\\\/fi\\\/\"},{\"@type\":\"ListItem\",\"position\":2,\"name\":\"My\u00f6h\u00e4isell\u00e4 porosafarilla arktisen taivaan alla\"}]},{\"@type\":\"WebSite\",\"@id\":\"https:\\\/\\\/visitarcticnorth.fi\\\/fi\\\/#website\",\"url\":\"https:\\\/\\\/visitarcticnorth.fi\\\/fi\\\/\",\"name\":\"Visit Arctic North\",\"description\":\"Best of Pyh\u00e4-Luosto\",\"publisher\":{\"@id\":\"https:\\\/\\\/visitarcticnorth.fi\\\/fi\\\/#organization\"},\"alternateName\":\"Arctic North\",\"potentialAction\":[{\"@type\":\"SearchAction\",\"target\":{\"@type\":\"EntryPoint\",\"urlTemplate\":\"https:\\\/\\\/visitarcticnorth.fi\\\/fi\\\/?s={search_term_string}\"},\"query-input\":{\"@type\":\"PropertyValueSpecification\",\"valueRequired\":true,\"valueName\":\"search_term_string\"}}],\"inLanguage\":\"fi\"},{\"@type\":\"Organization\",\"@id\":\"https:\\\/\\\/visitarcticnorth.fi\\\/fi\\\/#organization\",\"name\":\"Visit Arctic North\",\"alternateName\":\"Arctic North\",\"url\":\"https:\\\/\\\/visitarcticnorth.fi\\\/fi\\\/\",\"logo\":{\"@type\":\"ImageObject\",\"inLanguage\":\"fi\",\"@id\":\"https:\\\/\\\/visitarcticnorth.fi\\\/fi\\\/#\\\/schema\\\/logo\\\/image\\\/\",\"url\":\"https:\\\/\\\/i0.wp.com\\\/visitarcticnorth.fi\\\/wp-content\\\/uploads\\\/2023\\\/12\\\/Nimeton-malli-1.png?fit=500%2C500&ssl=1\",\"contentUrl\":\"https:\\\/\\\/i0.wp.com\\\/visitarcticnorth.fi\\\/wp-content\\\/uploads\\\/2023\\\/12\\\/Nimeton-malli-1.png?fit=500%2C500&ssl=1\",\"width\":500,\"height\":500,\"caption\":\"Visit Arctic North\"},\"image\":{\"@id\":\"https:\\\/\\\/visitarcticnorth.fi\\\/fi\\\/#\\\/schema\\\/logo\\\/image\\\/\"},\"sameAs\":[\"https:\\\/\\\/www.facebook.com\\\/visitarcticnorth\\\/\",\"https:\\\/\\\/www.instagram.com\\\/visitarcticnorth\\\/\"]},{\"@type\":\"Person\",\"@id\":\"https:\\\/\\\/visitarcticnorth.fi\\\/fi\\\/#\\\/schema\\\/person\\\/7a616bfedf9f35f955dfcd267a1c914e\",\"name\":\"Arctic North\",\"image\":{\"@type\":\"ImageObject\",\"inLanguage\":\"fi\",\"@id\":\"https:\\\/\\\/secure.gravatar.com\\\/avatar\\\/13c021456e0beccc93c2515c52524fd569d5d208ebd158b28ea3b0393ad4b382?s=96&d=mm&r=g\",\"url\":\"https:\\\/\\\/secure.gravatar.com\\\/avatar\\\/13c021456e0beccc93c2515c52524fd569d5d208ebd158b28ea3b0393ad4b382?s=96&d=mm&r=g\",\"contentUrl\":\"https:\\\/\\\/secure.gravatar.com\\\/avatar\\\/13c021456e0beccc93c2515c52524fd569d5d208ebd158b28ea3b0393ad4b382?s=96&d=mm&r=g\",\"caption\":\"Arctic North\"},\"sameAs\":[\"https:\\\/\\\/visitarcticnorth.fi\"],\"url\":\"https:\\\/\\\/visitarcticnorth.fi\\\/fi\\\/author\\\/arctic-north\\\/\"}]}<\/script>\n<!-- \/ Yoast SEO plugin. -->","yoast_head_json":{"title":"My\u00f6h\u00e4isell\u00e4 porosafarilla arktisen taivaan alla - Visit Arctic North","description":"L\u00e4htisitk\u00f6 porosafarille arktisen taivaan alla? Koe Lapin taika, eksoottiset porot, sek\u00e4 ehk\u00e4 jopa revontulet yhden illan aikana!","robots":{"index":"index","follow":"follow","max-snippet":"max-snippet:-1","max-image-preview":"max-image-preview:large","max-video-preview":"max-video-preview:-1"},"canonical":"https:\/\/visitarcticnorth.fi\/fi\/porosafarille-arktisen-taivaan-alla\/","og_locale":"fi_FI","og_type":"article","og_title":"My\u00f6h\u00e4isell\u00e4 porosafarilla arktisen taivaan alla - Visit Arctic North","og_description":"L\u00e4htisitk\u00f6 porosafarille arktisen taivaan alla? Koe Lapin taika, eksoottiset porot, sek\u00e4 ehk\u00e4 jopa revontulet yhden illan aikana!","og_url":"https:\/\/visitarcticnorth.fi\/fi\/porosafarille-arktisen-taivaan-alla\/","og_site_name":"Visit Arctic North","article_publisher":"https:\/\/www.facebook.com\/visitarcticnorth\/","article_published_time":"2019-03-20T11:49:25+00:00","article_modified_time":"2021-04-07T09:21:44+00:00","og_image":[{"width":1920,"height":1080,"url":"https:\/\/visitarcticnorth.fi\/wp-content\/uploads\/2019\/03\/Sanna-Tauolla.jpg","type":"image\/jpeg"}],"author":"Arctic North","twitter_card":"summary_large_image","twitter_misc":{"Kirjoittanut":"Arctic North","Arvioitu lukuaika":"5 minuuttia"},"schema":{"@context":"https:\/\/schema.org","@graph":[{"@type":"Article","@id":"https:\/\/visitarcticnorth.fi\/fi\/porosafarille-arktisen-taivaan-alla\/#article","isPartOf":{"@id":"https:\/\/visitarcticnorth.fi\/fi\/porosafarille-arktisen-taivaan-alla\/"},"author":{"name":"Arctic North","@id":"https:\/\/visitarcticnorth.fi\/fi\/#\/schema\/person\/7a616bfedf9f35f955dfcd267a1c914e"},"headline":"My\u00f6h\u00e4isell\u00e4 porosafarilla arktisen taivaan alla","datePublished":"2019-03-20T11:49:25+00:00","dateModified":"2021-04-07T09:21:44+00:00","mainEntityOfPage":{"@id":"https:\/\/visitarcticnorth.fi\/fi\/porosafarille-arktisen-taivaan-alla\/"},"wordCount":1019,"commentCount":0,"publisher":{"@id":"https:\/\/visitarcticnorth.fi\/fi\/#organization"},"image":{"@id":"https:\/\/visitarcticnorth.fi\/fi\/porosafarille-arktisen-taivaan-alla\/#primaryimage"},"thumbnailUrl":"https:\/\/i0.wp.com\/visitarcticnorth.fi\/wp-content\/uploads\/2019\/03\/Sanna-Tauolla.jpg?fit=1920%2C1080&ssl=1","keywords":["aktiviteetit luosto","aktiviteetit pyh\u00e4","poropuisto kopara","porosafari pyh\u00e4","porot luosto","porot pyh\u00e4","porotila pyh\u00e4","pyh\u00e4-luoston kansallispuisto","Revontulet pyh\u00e4","tekemist\u00e4 pyh\u00e4-luostolla","Visit arctic north"],"articleSection":["Tarinoita Pyh\u00e4lt\u00e4"],"inLanguage":"fi","potentialAction":[{"@type":"CommentAction","name":"Comment","target":["https:\/\/visitarcticnorth.fi\/fi\/porosafarille-arktisen-taivaan-alla\/#respond"]}]},{"@type":"WebPage","@id":"https:\/\/visitarcticnorth.fi\/fi\/porosafarille-arktisen-taivaan-alla\/","url":"https:\/\/visitarcticnorth.fi\/fi\/porosafarille-arktisen-taivaan-alla\/","name":"My\u00f6h\u00e4isell\u00e4 porosafarilla arktisen taivaan alla - Visit Arctic North","isPartOf":{"@id":"https:\/\/visitarcticnorth.fi\/fi\/#website"},"primaryImageOfPage":{"@id":"https:\/\/visitarcticnorth.fi\/fi\/porosafarille-arktisen-taivaan-alla\/#primaryimage"},"image":{"@id":"https:\/\/visitarcticnorth.fi\/fi\/porosafarille-arktisen-taivaan-alla\/#primaryimage"},"thumbnailUrl":"https:\/\/i0.wp.com\/visitarcticnorth.fi\/wp-content\/uploads\/2019\/03\/Sanna-Tauolla.jpg?fit=1920%2C1080&ssl=1","datePublished":"2019-03-20T11:49:25+00:00","dateModified":"2021-04-07T09:21:44+00:00","description":"L\u00e4htisitk\u00f6 porosafarille arktisen taivaan alla? Koe Lapin taika, eksoottiset porot, sek\u00e4 ehk\u00e4 jopa revontulet yhden illan aikana!","breadcrumb":{"@id":"https:\/\/visitarcticnorth.fi\/fi\/porosafarille-arktisen-taivaan-alla\/#breadcrumb"},"inLanguage":"fi","potentialAction":[{"@type":"ReadAction","target":["https:\/\/visitarcticnorth.fi\/fi\/porosafarille-arktisen-taivaan-alla\/"]}]},{"@type":"ImageObject","inLanguage":"fi","@id":"https:\/\/visitarcticnorth.fi\/fi\/porosafarille-arktisen-taivaan-alla\/#primaryimage","url":"https:\/\/i0.wp.com\/visitarcticnorth.fi\/wp-content\/uploads\/2019\/03\/Sanna-Tauolla.jpg?fit=1920%2C1080&ssl=1","contentUrl":"https:\/\/i0.wp.com\/visitarcticnorth.fi\/wp-content\/uploads\/2019\/03\/Sanna-Tauolla.jpg?fit=1920%2C1080&ssl=1","width":1920,"height":1080},{"@type":"BreadcrumbList","@id":"https:\/\/visitarcticnorth.fi\/fi\/porosafarille-arktisen-taivaan-alla\/#breadcrumb","itemListElement":[{"@type":"ListItem","position":1,"name":"Home","item":"https:\/\/visitarcticnorth.fi\/fi\/"},{"@type":"ListItem","position":2,"name":"My\u00f6h\u00e4isell\u00e4 porosafarilla arktisen taivaan alla"}]},{"@type":"WebSite","@id":"https:\/\/visitarcticnorth.fi\/fi\/#website","url":"https:\/\/visitarcticnorth.fi\/fi\/","name":"Visit Arctic North","description":"Best of Pyh\u00e4-Luosto","publisher":{"@id":"https:\/\/visitarcticnorth.fi\/fi\/#organization"},"alternateName":"Arctic North","potentialAction":[{"@type":"SearchAction","target":{"@type":"EntryPoint","urlTemplate":"https:\/\/visitarcticnorth.fi\/fi\/?s={search_term_string}"},"query-input":{"@type":"PropertyValueSpecification","valueRequired":true,"valueName":"search_term_string"}}],"inLanguage":"fi"},{"@type":"Organization","@id":"https:\/\/visitarcticnorth.fi\/fi\/#organization","name":"Visit Arctic North","alternateName":"Arctic North","url":"https:\/\/visitarcticnorth.fi\/fi\/","logo":{"@type":"ImageObject","inLanguage":"fi","@id":"https:\/\/visitarcticnorth.fi\/fi\/#\/schema\/logo\/image\/","url":"https:\/\/i0.wp.com\/visitarcticnorth.fi\/wp-content\/uploads\/2023\/12\/Nimeton-malli-1.png?fit=500%2C500&ssl=1","contentUrl":"https:\/\/i0.wp.com\/visitarcticnorth.fi\/wp-content\/uploads\/2023\/12\/Nimeton-malli-1.png?fit=500%2C500&ssl=1","width":500,"height":500,"caption":"Visit Arctic North"},"image":{"@id":"https:\/\/visitarcticnorth.fi\/fi\/#\/schema\/logo\/image\/"},"sameAs":["https:\/\/www.facebook.com\/visitarcticnorth\/","https:\/\/www.instagram.com\/visitarcticnorth\/"]},{"@type":"Person","@id":"https:\/\/visitarcticnorth.fi\/fi\/#\/schema\/person\/7a616bfedf9f35f955dfcd267a1c914e","name":"Arctic North","image":{"@type":"ImageObject","inLanguage":"fi","@id":"https:\/\/secure.gravatar.com\/avatar\/13c021456e0beccc93c2515c52524fd569d5d208ebd158b28ea3b0393ad4b382?s=96&d=mm&r=g","url":"https:\/\/secure.gravatar.com\/avatar\/13c021456e0beccc93c2515c52524fd569d5d208ebd158b28ea3b0393ad4b382?s=96&d=mm&r=g","contentUrl":"https:\/\/secure.gravatar.com\/avatar\/13c021456e0beccc93c2515c52524fd569d5d208ebd158b28ea3b0393ad4b382?s=96&d=mm&r=g","caption":"Arctic North"},"sameAs":["https:\/\/visitarcticnorth.fi"],"url":"https:\/\/visitarcticnorth.fi\/fi\/author\/arctic-north\/"}]}},"jetpack_featured_media_url":"https:\/\/i0.wp.com\/visitarcticnorth.fi\/wp-content\/uploads\/2019\/03\/Sanna-Tauolla.jpg?fit=1920%2C1080&ssl=1","jetpack_sharing_enabled":true,"_links":{"self":[{"href":"https:\/\/visitarcticnorth.fi\/fi\/wp-json\/wp\/v2\/posts\/1751","targetHints":{"allow":["GET"]}}],"collection":[{"href":"https:\/\/visitarcticnorth.fi\/fi\/wp-json\/wp\/v2\/posts"}],"about":[{"href":"https:\/\/visitarcticnorth.fi\/fi\/wp-json\/wp\/v2\/types\/post"}],"author":[{"embeddable":true,"href":"https:\/\/visitarcticnorth.fi\/fi\/wp-json\/wp\/v2\/users\/2"}],"replies":[{"embeddable":true,"href":"https:\/\/visitarcticnorth.fi\/fi\/wp-json\/wp\/v2\/comments?post=1751"}],"version-history":[{"count":11,"href":"https:\/\/visitarcticnorth.fi\/fi\/wp-json\/wp\/v2\/posts\/1751\/revisions"}],"predecessor-version":[{"id":3675,"href":"https:\/\/visitarcticnorth.fi\/fi\/wp-json\/wp\/v2\/posts\/1751\/revisions\/3675"}],"wp:featuredmedia":[{"embeddable":true,"href":"https:\/\/visitarcticnorth.fi\/fi\/wp-json\/wp\/v2\/media\/1756"}],"wp:attachment":[{"href":"https:\/\/visitarcticnorth.fi\/fi\/wp-json\/wp\/v2\/media?parent=1751"}],"wp:term":[{"taxonomy":"category","embeddable":true,"href":"https:\/\/visitarcticnorth.fi\/fi\/wp-json\/wp\/v2\/categories?post=1751"},{"taxonomy":"post_tag","embeddable":true,"href":"https:\/\/visitarcticnorth.fi\/fi\/wp-json\/wp\/v2\/tags?post=1751"}],"curies":[{"name":"wp","href":"https:\/\/api.w.org\/{rel}","templated":true}]}}