{"id":3549,"date":"2020-03-29T21:28:49","date_gmt":"2020-03-29T18:28:49","guid":{"rendered":"https:\/\/visitarcticnorth.fi\/?p=3549"},"modified":"2021-04-07T11:53:26","modified_gmt":"2021-04-07T08:53:26","slug":"miniloma-pyhalla","status":"publish","type":"post","link":"https:\/\/visitarcticnorth.fi\/fi\/miniloma-pyhalla\/","title":{"rendered":"Minilomalla Pyh\u00e4ll\u00e4 \u2013 et\u00e4ty\u00f6t\u00e4 ja tunturifiilist\u00e4 sopivassa suhteessa"},"content":{"rendered":"<p>[et_pb_section fb_built=&#8221;1&#8243; fullwidth=&#8221;on&#8221; _builder_version=&#8221;3.22&#8243;][et_pb_fullwidth_post_title meta=&#8221;off&#8221; featured_placement=&#8221;background&#8221; text_color=&#8221;light&#8221; module_class=&#8221;artikkeli_featuredimage&#8221; _builder_version=&#8221;3.19.18&#8243; text_orientation=&#8221;center&#8221;][\/et_pb_fullwidth_post_title][\/et_pb_section][et_pb_section fb_built=&#8221;1&#8243; module_class=&#8221;artikkeli_moduli&#8221; _builder_version=&#8221;3.22&#8243;][et_pb_row _builder_version=&#8221;3.25&#8243; background_size=&#8221;initial&#8221; background_position=&#8221;top_left&#8221; background_repeat=&#8221;repeat&#8221;][et_pb_column type=&#8221;4_4&#8243; _builder_version=&#8221;3.25&#8243; custom_padding=&#8221;|||&#8221; custom_padding__hover=&#8221;|||&#8221;][et_pb_text admin_label=&#8221;Text 1&#8243; _builder_version=&#8221;4.4.1&#8243;]<\/p>\n<p>Nyky\u00e4\u00e4n \u2013 ja varsinkin maailmalla vallitsevassa tilanteessa \u2013 ty\u00f6n ja vapaa-ajan yhdist\u00e4minen on aika tyypillist\u00e4, normaalia ja jopa tavoiteltavaa. Et\u00e4ty\u00f6 mahdollistaa monipuolisemman arjen, eik\u00e4 \u201dkahdeksasta nelj\u00e4\u00e4n\u201d ole en\u00e4\u00e4 pitk\u00e4\u00e4n aikaan tullut se kaikkein tavoiteltavin keino el\u00e4tt\u00e4\u00e4 itsens\u00e4 ja perheens\u00e4. Minulla oli upea mahdollisuus l\u00e4hte\u00e4 perheen kanssa reissuun kev\u00e4thangille Pyh\u00e4tunturille, sis\u00e4llytt\u00e4en reissuviikkoon ty\u00f6t\u00e4 ja tunturifiilist\u00e4 sopivassa suhteessa.<\/p>\n<p>Hankien hohde ja pikkupakkanen tuntuivat kyll\u00e4 todella houkuttavalta loskaisen ja pime\u00e4n talven j\u00e4lkeen! Mit\u00e4 ylemm\u00e4s pohjoiseen p\u00e4\u00e4stiin, sit\u00e4 innostuneemmaksi tulin. Mutta vasta perill\u00e4 Pyh\u00e4tunturilla olin aivan myyty, ja sis\u00e4lleni laskeutui tyyneys ja rauha. Upea, aurinkoinen tunturimaisema sai minut konkreettisesti huokailemaan ihastuksesta. Emme saaneet edes tavaroita purettua autosta, kun olin jo rient\u00e4nyt Pyh\u00e4j\u00e4rven rantaan ihmettelem\u00e4\u00e4n. Taisin hymyill\u00e4 aika leve\u00e4sti, ja kasvoillani oli muutenkinsellainen typer\u00e4 virne. \u201dMin\u00e4 olen t\u00e4\u00e4ll\u00e4, ja olen osa t\u00e4t\u00e4 upeutta.\u201d<\/p>\n<p>[\/et_pb_text][\/et_pb_column][\/et_pb_row][et_pb_row column_structure=&#8221;1_2,1_2&#8243; _builder_version=&#8221;4.4.1&#8243;][et_pb_column type=&#8221;1_2&#8243; _builder_version=&#8221;4.4.1&#8243;][et_pb_image src=&#8221;https:\/\/visitarcticnorth.fi\/wp-content\/uploads\/2020\/03\/miniloma_pyh\u00e4ll\u00e4_1-1.png&#8221; align_tablet=&#8221;center&#8221; align_phone=&#8221;&#8221; align_last_edited=&#8221;on|desktop&#8221; admin_label=&#8221;kuva 1&#8243; module_class=&#8221;artikkeli_kuva&#8221; _builder_version=&#8221;4.4.1&#8243;][\/et_pb_image][\/et_pb_column][et_pb_column type=&#8221;1_2&#8243; _builder_version=&#8221;4.4.1&#8243;][et_pb_image src=&#8221;https:\/\/visitarcticnorth.fi\/wp-content\/uploads\/2020\/03\/miniloma_pyh\u00e4ll\u00e4_2-1.png&#8221; align_tablet=&#8221;center&#8221; align_phone=&#8221;&#8221; align_last_edited=&#8221;on|desktop&#8221; admin_label=&#8221;kuva 2&#8243; module_class=&#8221;artikkeli_kuva&#8221; _builder_version=&#8221;4.4.1&#8243;][\/et_pb_image][\/et_pb_column][\/et_pb_row][et_pb_row _builder_version=&#8221;4.4.1&#8243;][et_pb_column type=&#8221;4_4&#8243; _builder_version=&#8221;4.4.1&#8243;][et_pb_text admin_label=&#8221;Text 2&#8243; _builder_version=&#8221;4.4.1&#8243;]<\/p>\n<h5><strong>Majoituimme Pyh\u00e4j\u00e4rvell\u00e4, jonka\u00a0upeat maisemat ja sympaattinen \u201dkyl\u00e4m\u00e4isyys\u201d \u00a0tekiv\u00e4t meihin vaikutuksen.\u00a0<\/strong><\/h5>\n<p><span data-contrast=\"auto\">Pyh\u00e4tunturi on kokemattomallekin Lapin matkailijalle helposti hahmotettava paikka. Sopivan pieni<\/span><span data-contrast=\"auto\">, rauhallinen<\/span><span data-contrast=\"auto\">\u00a0ja\u00a0<\/span><span data-contrast=\"auto\">aito<\/span><span data-contrast=\"auto\">. Sielt\u00e4 puuttuu isojen hiihtokeskusten villi meno, mutta juuri se onkin Pyh\u00e4n\u00a0<\/span><span data-contrast=\"auto\">kasvavan suosion takana:\u00a0<\/span><span data-contrast=\"auto\">tarjolla on\u00a0<\/span><span data-contrast=\"auto\">aitoa Lappia monipuolisilla palveluilla.\u00a0<\/span><span data-contrast=\"auto\">Kaikill<\/span><span data-contrast=\"auto\">a<\/span><span data-contrast=\"auto\">\u00a0on Pyh\u00e4ll\u00e4 tilaa olla oma itsens\u00e4,\u00a0<\/span><span data-contrast=\"auto\">niin paikallisill<\/span><span data-contrast=\"auto\">a<\/span><span data-contrast=\"auto\">\u00a0kuin matkailijoill<\/span><span data-contrast=\"auto\">a<\/span><span data-contrast=\"auto\">. Varsinkin lasten kanssa Pyh\u00e4 on aivan mainio kohde: tekemist\u00e4 l\u00f6ytyy kaiken ik\u00e4isille aina pulkkam\u00e4est\u00e4 ja retkeilyst\u00e4 lasketteluun<\/span><span data-contrast=\"auto\">,<\/span><span data-contrast=\"auto\"> eik\u00e4 ruuhkia ja jonoja synny juuri miss\u00e4\u00e4n<\/span><span data-contrast=\"auto\">.<\/span><span data-ccp-props=\"{&quot;201341983&quot;:0,&quot;335551550&quot;:2,&quot;335551620&quot;:2,&quot;335559739&quot;:160,&quot;335559740&quot;:259}\">\u00a0<\/span><\/p>\n<p><span data-contrast=\"auto\">Mainittakoon<\/span><span data-contrast=\"auto\">\u00a0<\/span><span data-contrast=\"auto\">nyt\u00a0<\/span><span data-contrast=\"auto\">erityisesti<\/span><span data-contrast=\"auto\">, ett\u00e4 Pyh\u00e4 ei ole pelk\u00e4st\u00e4\u00e4n hiihtokeskus.\u00a0<\/span><span data-contrast=\"auto\">Jo pelk\u00e4st\u00e4\u00e4n kansallispuisto on niin mielenkiintoinen, ett\u00e4 siihen tutustumiseen pit\u00e4isi varata kokonaan erillinen lomaviikko.\u00a0<\/span><span data-contrast=\"auto\">Pyh\u00e4ll\u00e4 on<\/span><span data-contrast=\"auto\">\u00a0my\u00f6s<\/span><span data-contrast=\"auto\">\u00a0<\/span><span data-contrast=\"auto\">mainio tarjonta pienyritt\u00e4jien erilaisia ohjelmapalveluita aina suosituista poro- ja\u00a0huskysafareista\u00a0ratsastukseen ja luonnossa rauhoittumiseen. Mutta ei Pyh\u00e4 ole<\/span><span data-contrast=\"auto\">\u00a0my\u00f6sk\u00e4\u00e4n<\/span><span data-contrast=\"auto\">\u00a0pelk\u00e4st\u00e4\u00e4n rauhallisuuden tyyssija \u2013 seikkailuja on luvassa niin tunturissa kuin muualla maastossa niin halutessaan,<\/span><span data-contrast=\"auto\">\u00a0ja<\/span><span data-contrast=\"auto\"> ymp\u00e4ri vuoden.<\/span><\/p>\n<h5><strong>Pyh\u00e4n viikko-ohjelman mukaisella poroajelulla koko perhe. Porotila Kopara.<\/strong><\/h5>\n<p>Perheen kanssa matkustaessa p\u00e4\u00e4dyimme kokemaan helppoja ja lasten ehdoilla toteutettavia seikkailuja. Lapset harjoittelivat p\u00e4ivitt\u00e4in hiihtoa ihan majoituspaikkamme pihapiiriss\u00e4, ja mahtavassa pulkkam\u00e4ess\u00e4 l\u00e4hell\u00e4 Pyh\u00e4n keskustaa k\u00e4ytiin useamman kerran. Pulkkam\u00e4en yhteydess\u00e4 on my\u00f6s viihtyis\u00e4 kota, jossa voi nautiskella vaikkapa nuotiomakkaraa laskupuuhien lomassa. Vierailimme Koparan porotilalla poroajelulla ja sy\u00f6tt\u00e4m\u00e4ss\u00e4 poroja, ja nautiskelimme my\u00f6s herkulliset munkit ja kaakaot Koparan viihtyis\u00e4ss\u00e4 ravintolassa.<\/p>\n<h5><strong>Koparan porojen sy\u00f6tt\u00e4minen oli mukava ohjelmanumero. P\u00e4\u00e4lle munkit ja kaakaot ravintolassa.<\/strong><\/h5>\n<p>Lasten kanssa on hyv\u00e4 majoittua niin, ett\u00e4 majapaikassa on toimiva keitti\u00f6. Yhten\u00e4 iltana l\u00e4hdettiin kuitenkin koko perhe pitsalle perherinteiden vieress\u00e4 sijaitsevaan ravintola Huttuhippuun. Pitsat veiv\u00e4t kielen menness\u00e4\u00e4n, ja kylkeen nautiskeltiin miehen kanssa mainiot pienpanimo-oluet. Lapset herkuttelivat j\u00e4\u00e4tel\u00f6annoksilla. Yhten\u00e4 iltana p\u00e4\u00e4simme miehen kanssa my\u00f6s kaksin sy\u00f6m\u00e4\u00e4n ravintola Vaiskoon Luostolle: nautimme huikean, viiden ruokalajin yll\u00e4tysmenuillallisen. Vinkkin\u00e4 sanoisin, ett\u00e4 kannattaa varata my\u00f6s edestakainen kuljetus Pyh\u00e4lt\u00e4, jotta voi nautiskella illasta my\u00f6s laatuviinien kera!<\/p>\n<p>[\/et_pb_text][\/et_pb_column][\/et_pb_row][et_pb_row column_structure=&#8221;1_2,1_2&#8243; _builder_version=&#8221;4.4.1&#8243;][et_pb_column type=&#8221;1_2&#8243; _builder_version=&#8221;4.4.1&#8243;][et_pb_image src=&#8221;https:\/\/visitarcticnorth.fi\/wp-content\/uploads\/2020\/03\/miniloma_pyh\u00e4ll\u00e4_4-2.png&#8221; align_tablet=&#8221;center&#8221; align_phone=&#8221;&#8221; align_last_edited=&#8221;on|desktop&#8221; admin_label=&#8221;kuva 3&#8243; module_class=&#8221;artikkeli_kuva&#8221; _builder_version=&#8221;4.4.1&#8243;][\/et_pb_image][\/et_pb_column][et_pb_column type=&#8221;1_2&#8243; _builder_version=&#8221;4.4.1&#8243;][et_pb_image src=&#8221;https:\/\/visitarcticnorth.fi\/wp-content\/uploads\/2020\/03\/miniloma_pyh\u00e4ll\u00e4_3-1.png&#8221; align_tablet=&#8221;center&#8221; align_phone=&#8221;&#8221; align_last_edited=&#8221;on|desktop&#8221; admin_label=&#8221;kuva 4&#8243; module_class=&#8221;artikkeli_kuva&#8221; _builder_version=&#8221;4.4.1&#8243;][\/et_pb_image][\/et_pb_column][\/et_pb_row][et_pb_row _builder_version=&#8221;4.4.1&#8243;][et_pb_column type=&#8221;4_4&#8243; _builder_version=&#8221;4.4.1&#8243;][et_pb_text admin_label=&#8221;Text 3&#8243; _builder_version=&#8221;4.4.1&#8243;]<\/p>\n<h4><strong>Ravintola Vaiskon yll\u00e4tysmenu on ruokaa kaikille aisteille.<\/strong><\/h4>\n<p>P\u00e4iv\u00e4mme Pyh\u00e4ll\u00e4 rytmittyiv\u00e4t et\u00e4ty\u00f6arjen ja perheen kanssa lomailun v\u00e4lill\u00e4 aika mutkattomasti. Aamuvarhaisella lasten katsellessa piirrettyj\u00e4 m\u00f6kin televisiosta, luin s\u00e4hk\u00f6postit ja hoidin akuuteimmat ty\u00f6t alta pois. Ulkoilimme raittiissa ilmassa ennen lounasta. P\u00e4iv\u00e4uniaikoina pidin puhelinpalavereja ja tein suunnitteluty\u00f6t\u00e4 yhdess\u00e4 kollegojen kanssa. Palauduin ty\u00f6p\u00e4ivist\u00e4 hiihtoladulla ja viikonloppuna nautiskelin auringosta rinteess\u00e4. P\u00e4iv\u00e4t p\u00e4\u00e4tettiin m\u00f6kkisaunan pehmeiss\u00e4 l\u00f6ylyiss\u00e4 ja koko perheen yhteisell\u00e4 iltapalalla. Pari lomap\u00e4iv\u00e4\u00e4nkin olin toki viikkoon s\u00e4\u00e4st\u00e4nyt, jotta ehtisin nautiskella oikein kunnolla tunturifiiliksest\u00e4.<\/p>\n<h4><strong>Vauhdin hurmaa ja aivojen lepuutusta rinteess\u00e4 ty\u00f6viikon j\u00e4lkeen.<\/strong><\/h4>\n<p>Viikko meni nopeasti, emmek\u00e4 ehtineet kokea puoltakaan siit\u00e4, mit\u00e4 Pyh\u00e4ll\u00e4 oli ollut tarjottavanaan. Kytem\u00e4\u00e4n j\u00e4i toive p\u00e4\u00e4st\u00e4 Pyh\u00e4lle seuraavan kerran lumettomaan aikaan, jolloin suuntaisimme kansallispuistoon retkeilem\u00e4\u00e4n ja py\u00f6r\u00e4ilem\u00e4\u00e4n. Kuulin kanssalomailijoilta, ett\u00e4 Pyh\u00e4 olisi todella upea my\u00f6s kes\u00e4aikaan. Sen haluan kokea. Olen onnellinen, ett\u00e4 teimme t\u00e4m\u00e4n reissun juuri kev\u00e4thangilla, ja kiitollinen siit\u00e4, ett\u00e4 ehdimme nauttia Pyh\u00e4n taiasta hyvill\u00e4 mielin ennen maailmaa nyt rajusti heiluttavasta koronasta. Pyh\u00e4tunturin yritt\u00e4j\u00e4t toimivat vastuullisesti sulkiessaan nyt palveluitaan ja keskittyess\u00e4\u00e4n kantamaan kortensa kekoon viruksen taltuttamiseksi. Tunturifiilis el\u00e4\u00e4 ja voi hyvin, ja se odottaa meit\u00e4 nauttimaan Pyh\u00e4n taiasta, kun se on taas mahdollista.<\/p>\n<p>[\/et_pb_text][\/et_pb_column][\/et_pb_row][\/et_pb_section]<\/p>\n","protected":false},"excerpt":{"rendered":"<p>Nyky\u00e4\u00e4n \u2013 ja varsinkin maailmalla vallitsevassa tilanteessa \u2013 ty\u00f6n ja vapaa-ajan yhdist\u00e4minen on aika tyypillist\u00e4, normaalia ja jopa tavoiteltavaa. Et\u00e4ty\u00f6 mahdollistaa monipuolisemman arjen, eik\u00e4 \u201dkahdeksasta nelj\u00e4\u00e4n\u201d ole en\u00e4\u00e4 pitk\u00e4\u00e4n aikaan tullut se kaikkein tavoiteltavin keino el\u00e4tt\u00e4\u00e4 itsens\u00e4 ja perheens\u00e4. Minulla oli upea mahdollisuus l\u00e4hte\u00e4 perheen kanssa reissuun kev\u00e4thangille Pyh\u00e4tunturille, sis\u00e4llytt\u00e4en reissuviikkoon ty\u00f6t\u00e4 ja tunturifiilist\u00e4 sopivassa [&hellip;]<\/p>\n","protected":false},"author":2,"featured_media":3573,"comment_status":"open","ping_status":"open","sticky":false,"template":"","format":"standard","meta":{"_et_pb_use_builder":"on","_et_pb_old_content":"","_et_gb_content_width":"","_jetpack_memberships_contains_paid_content":false,"footnotes":""},"categories":[211],"tags":[264,266,267,268,221,270,265,224,269],"class_list":["post-3549","post","type-post","status-publish","format-standard","has-post-thumbnail","hentry","category-tarinoita-pyhalta","tag-etatyot-lapissa","tag-etatyot-luosto","tag-etatyot-pyha","tag-ravintolat-pyha","tag-tekemista-luostolla","tag-tekemista-pyhalla","tag-tyoskentely-lapissa","tag-visit-arctic-north","tag-visit-luosto"],"yoast_head":"<!-- This site is optimized with the Yoast SEO plugin v27.3 - https:\/\/yoast.com\/product\/yoast-seo-wordpress\/ -->\n<title>Minilomalla Pyh\u00e4ll\u00e4 \u2013 et\u00e4ty\u00f6t\u00e4 ja tunturifiilist\u00e4 sopivassa suhteessa - Visit Arctic North<\/title>\n<meta name=\"description\" content=\"Onko toiveissasi miniloma Pyh\u00e4ll\u00e4? Klikkaa blogiin ja lue, miten voit yhdist\u00e4\u00e4 et\u00e4ty\u00f6t\u00e4 ja tunturifiilist\u00e4 kansallispuiston kupeessa!\" \/>\n<meta name=\"robots\" content=\"index, follow, max-snippet:-1, max-image-preview:large, max-video-preview:-1\" \/>\n<link rel=\"canonical\" href=\"https:\/\/visitarcticnorth.fi\/fi\/miniloma-pyhalla\/\" \/>\n<meta property=\"og:locale\" content=\"fi_FI\" \/>\n<meta property=\"og:type\" content=\"article\" \/>\n<meta property=\"og:title\" content=\"Minilomalla Pyh\u00e4ll\u00e4 \u2013 et\u00e4ty\u00f6t\u00e4 ja tunturifiilist\u00e4 sopivassa suhteessa - Visit Arctic North\" \/>\n<meta property=\"og:description\" content=\"Onko toiveissasi miniloma Pyh\u00e4ll\u00e4? Klikkaa blogiin ja lue, miten voit yhdist\u00e4\u00e4 et\u00e4ty\u00f6t\u00e4 ja tunturifiilist\u00e4 kansallispuiston kupeessa!\" \/>\n<meta property=\"og:url\" content=\"https:\/\/visitarcticnorth.fi\/fi\/miniloma-pyhalla\/\" \/>\n<meta property=\"og:site_name\" content=\"Visit Arctic North\" \/>\n<meta property=\"article:publisher\" content=\"https:\/\/www.facebook.com\/visitarcticnorth\/\" \/>\n<meta property=\"article:published_time\" content=\"2020-03-29T18:28:49+00:00\" \/>\n<meta property=\"article:modified_time\" content=\"2021-04-07T08:53:26+00:00\" \/>\n<meta property=\"og:image\" content=\"https:\/\/visitarcticnorth.fi\/wp-content\/uploads\/2020\/03\/miniloma_pyh\u00e4ll\u00e4_4.png\" \/>\n\t<meta property=\"og:image:width\" content=\"1032\" \/>\n\t<meta property=\"og:image:height\" content=\"689\" \/>\n\t<meta property=\"og:image:type\" content=\"image\/png\" \/>\n<meta name=\"author\" content=\"Arctic North\" \/>\n<meta name=\"twitter:card\" content=\"summary_large_image\" \/>\n<meta name=\"twitter:label1\" content=\"Kirjoittanut\" \/>\n\t<meta name=\"twitter:data1\" content=\"Arctic North\" \/>\n\t<meta name=\"twitter:label2\" content=\"Arvioitu lukuaika\" \/>\n\t<meta name=\"twitter:data2\" content=\"5 minuuttia\" \/>\n<script type=\"application\/ld+json\" class=\"yoast-schema-graph\">{\"@context\":\"https:\\\/\\\/schema.org\",\"@graph\":[{\"@type\":\"Article\",\"@id\":\"https:\\\/\\\/visitarcticnorth.fi\\\/fi\\\/miniloma-pyhalla\\\/#article\",\"isPartOf\":{\"@id\":\"https:\\\/\\\/visitarcticnorth.fi\\\/fi\\\/miniloma-pyhalla\\\/\"},\"author\":{\"name\":\"Arctic North\",\"@id\":\"https:\\\/\\\/visitarcticnorth.fi\\\/fi\\\/#\\\/schema\\\/person\\\/7a616bfedf9f35f955dfcd267a1c914e\"},\"headline\":\"Minilomalla Pyh\u00e4ll\u00e4 \u2013 et\u00e4ty\u00f6t\u00e4 ja tunturifiilist\u00e4 sopivassa suhteessa\",\"datePublished\":\"2020-03-29T18:28:49+00:00\",\"dateModified\":\"2021-04-07T08:53:26+00:00\",\"mainEntityOfPage\":{\"@id\":\"https:\\\/\\\/visitarcticnorth.fi\\\/fi\\\/miniloma-pyhalla\\\/\"},\"wordCount\":1085,\"commentCount\":0,\"publisher\":{\"@id\":\"https:\\\/\\\/visitarcticnorth.fi\\\/fi\\\/#organization\"},\"image\":{\"@id\":\"https:\\\/\\\/visitarcticnorth.fi\\\/fi\\\/miniloma-pyhalla\\\/#primaryimage\"},\"thumbnailUrl\":\"https:\\\/\\\/i0.wp.com\\\/visitarcticnorth.fi\\\/wp-content\\\/uploads\\\/2020\\\/03\\\/miniloma_pyh%C3%A4ll%C3%A4_4.png?fit=1032%2C689&ssl=1\",\"keywords\":[\"et\u00e4ty\u00f6t lapissa\",\"et\u00e4ty\u00f6t luosto\",\"et\u00e4ty\u00f6t pyh\u00e4\",\"ravintolat pyh\u00e4\",\"Tekemist\u00e4 Luostolla\",\"tekemist\u00e4 pyh\u00e4ll\u00e4\",\"ty\u00f6skentely lapissa\",\"Visit arctic north\",\"visit luosto\"],\"articleSection\":[\"Tarinoita Pyh\u00e4lt\u00e4\"],\"inLanguage\":\"fi\",\"potentialAction\":[{\"@type\":\"CommentAction\",\"name\":\"Comment\",\"target\":[\"https:\\\/\\\/visitarcticnorth.fi\\\/fi\\\/miniloma-pyhalla\\\/#respond\"]}]},{\"@type\":\"WebPage\",\"@id\":\"https:\\\/\\\/visitarcticnorth.fi\\\/fi\\\/miniloma-pyhalla\\\/\",\"url\":\"https:\\\/\\\/visitarcticnorth.fi\\\/fi\\\/miniloma-pyhalla\\\/\",\"name\":\"Minilomalla Pyh\u00e4ll\u00e4 \u2013 et\u00e4ty\u00f6t\u00e4 ja tunturifiilist\u00e4 sopivassa suhteessa - Visit Arctic North\",\"isPartOf\":{\"@id\":\"https:\\\/\\\/visitarcticnorth.fi\\\/fi\\\/#website\"},\"primaryImageOfPage\":{\"@id\":\"https:\\\/\\\/visitarcticnorth.fi\\\/fi\\\/miniloma-pyhalla\\\/#primaryimage\"},\"image\":{\"@id\":\"https:\\\/\\\/visitarcticnorth.fi\\\/fi\\\/miniloma-pyhalla\\\/#primaryimage\"},\"thumbnailUrl\":\"https:\\\/\\\/i0.wp.com\\\/visitarcticnorth.fi\\\/wp-content\\\/uploads\\\/2020\\\/03\\\/miniloma_pyh%C3%A4ll%C3%A4_4.png?fit=1032%2C689&ssl=1\",\"datePublished\":\"2020-03-29T18:28:49+00:00\",\"dateModified\":\"2021-04-07T08:53:26+00:00\",\"description\":\"Onko toiveissasi miniloma Pyh\u00e4ll\u00e4? Klikkaa blogiin ja lue, miten voit yhdist\u00e4\u00e4 et\u00e4ty\u00f6t\u00e4 ja tunturifiilist\u00e4 kansallispuiston kupeessa!\",\"breadcrumb\":{\"@id\":\"https:\\\/\\\/visitarcticnorth.fi\\\/fi\\\/miniloma-pyhalla\\\/#breadcrumb\"},\"inLanguage\":\"fi\",\"potentialAction\":[{\"@type\":\"ReadAction\",\"target\":[\"https:\\\/\\\/visitarcticnorth.fi\\\/fi\\\/miniloma-pyhalla\\\/\"]}]},{\"@type\":\"ImageObject\",\"inLanguage\":\"fi\",\"@id\":\"https:\\\/\\\/visitarcticnorth.fi\\\/fi\\\/miniloma-pyhalla\\\/#primaryimage\",\"url\":\"https:\\\/\\\/i0.wp.com\\\/visitarcticnorth.fi\\\/wp-content\\\/uploads\\\/2020\\\/03\\\/miniloma_pyh%C3%A4ll%C3%A4_4.png?fit=1032%2C689&ssl=1\",\"contentUrl\":\"https:\\\/\\\/i0.wp.com\\\/visitarcticnorth.fi\\\/wp-content\\\/uploads\\\/2020\\\/03\\\/miniloma_pyh%C3%A4ll%C3%A4_4.png?fit=1032%2C689&ssl=1\",\"width\":1032,\"height\":689},{\"@type\":\"BreadcrumbList\",\"@id\":\"https:\\\/\\\/visitarcticnorth.fi\\\/fi\\\/miniloma-pyhalla\\\/#breadcrumb\",\"itemListElement\":[{\"@type\":\"ListItem\",\"position\":1,\"name\":\"Home\",\"item\":\"https:\\\/\\\/visitarcticnorth.fi\\\/fi\\\/\"},{\"@type\":\"ListItem\",\"position\":2,\"name\":\"Minilomalla Pyh\u00e4ll\u00e4 \u2013 et\u00e4ty\u00f6t\u00e4 ja tunturifiilist\u00e4 sopivassa suhteessa\"}]},{\"@type\":\"WebSite\",\"@id\":\"https:\\\/\\\/visitarcticnorth.fi\\\/fi\\\/#website\",\"url\":\"https:\\\/\\\/visitarcticnorth.fi\\\/fi\\\/\",\"name\":\"Visit Arctic North\",\"description\":\"Best of Pyh\u00e4-Luosto\",\"publisher\":{\"@id\":\"https:\\\/\\\/visitarcticnorth.fi\\\/fi\\\/#organization\"},\"alternateName\":\"Arctic North\",\"potentialAction\":[{\"@type\":\"SearchAction\",\"target\":{\"@type\":\"EntryPoint\",\"urlTemplate\":\"https:\\\/\\\/visitarcticnorth.fi\\\/fi\\\/?s={search_term_string}\"},\"query-input\":{\"@type\":\"PropertyValueSpecification\",\"valueRequired\":true,\"valueName\":\"search_term_string\"}}],\"inLanguage\":\"fi\"},{\"@type\":\"Organization\",\"@id\":\"https:\\\/\\\/visitarcticnorth.fi\\\/fi\\\/#organization\",\"name\":\"Visit Arctic North\",\"alternateName\":\"Arctic North\",\"url\":\"https:\\\/\\\/visitarcticnorth.fi\\\/fi\\\/\",\"logo\":{\"@type\":\"ImageObject\",\"inLanguage\":\"fi\",\"@id\":\"https:\\\/\\\/visitarcticnorth.fi\\\/fi\\\/#\\\/schema\\\/logo\\\/image\\\/\",\"url\":\"https:\\\/\\\/i0.wp.com\\\/visitarcticnorth.fi\\\/wp-content\\\/uploads\\\/2023\\\/12\\\/Nimeton-malli-1.png?fit=500%2C500&ssl=1\",\"contentUrl\":\"https:\\\/\\\/i0.wp.com\\\/visitarcticnorth.fi\\\/wp-content\\\/uploads\\\/2023\\\/12\\\/Nimeton-malli-1.png?fit=500%2C500&ssl=1\",\"width\":500,\"height\":500,\"caption\":\"Visit Arctic North\"},\"image\":{\"@id\":\"https:\\\/\\\/visitarcticnorth.fi\\\/fi\\\/#\\\/schema\\\/logo\\\/image\\\/\"},\"sameAs\":[\"https:\\\/\\\/www.facebook.com\\\/visitarcticnorth\\\/\",\"https:\\\/\\\/www.instagram.com\\\/visitarcticnorth\\\/\"]},{\"@type\":\"Person\",\"@id\":\"https:\\\/\\\/visitarcticnorth.fi\\\/fi\\\/#\\\/schema\\\/person\\\/7a616bfedf9f35f955dfcd267a1c914e\",\"name\":\"Arctic North\",\"image\":{\"@type\":\"ImageObject\",\"inLanguage\":\"fi\",\"@id\":\"https:\\\/\\\/secure.gravatar.com\\\/avatar\\\/13c021456e0beccc93c2515c52524fd569d5d208ebd158b28ea3b0393ad4b382?s=96&d=mm&r=g\",\"url\":\"https:\\\/\\\/secure.gravatar.com\\\/avatar\\\/13c021456e0beccc93c2515c52524fd569d5d208ebd158b28ea3b0393ad4b382?s=96&d=mm&r=g\",\"contentUrl\":\"https:\\\/\\\/secure.gravatar.com\\\/avatar\\\/13c021456e0beccc93c2515c52524fd569d5d208ebd158b28ea3b0393ad4b382?s=96&d=mm&r=g\",\"caption\":\"Arctic North\"},\"sameAs\":[\"https:\\\/\\\/visitarcticnorth.fi\"],\"url\":\"https:\\\/\\\/visitarcticnorth.fi\\\/fi\\\/author\\\/arctic-north\\\/\"}]}<\/script>\n<!-- \/ Yoast SEO plugin. -->","yoast_head_json":{"title":"Minilomalla Pyh\u00e4ll\u00e4 \u2013 et\u00e4ty\u00f6t\u00e4 ja tunturifiilist\u00e4 sopivassa suhteessa - Visit Arctic North","description":"Onko toiveissasi miniloma Pyh\u00e4ll\u00e4? Klikkaa blogiin ja lue, miten voit yhdist\u00e4\u00e4 et\u00e4ty\u00f6t\u00e4 ja tunturifiilist\u00e4 kansallispuiston kupeessa!","robots":{"index":"index","follow":"follow","max-snippet":"max-snippet:-1","max-image-preview":"max-image-preview:large","max-video-preview":"max-video-preview:-1"},"canonical":"https:\/\/visitarcticnorth.fi\/fi\/miniloma-pyhalla\/","og_locale":"fi_FI","og_type":"article","og_title":"Minilomalla Pyh\u00e4ll\u00e4 \u2013 et\u00e4ty\u00f6t\u00e4 ja tunturifiilist\u00e4 sopivassa suhteessa - Visit Arctic North","og_description":"Onko toiveissasi miniloma Pyh\u00e4ll\u00e4? Klikkaa blogiin ja lue, miten voit yhdist\u00e4\u00e4 et\u00e4ty\u00f6t\u00e4 ja tunturifiilist\u00e4 kansallispuiston kupeessa!","og_url":"https:\/\/visitarcticnorth.fi\/fi\/miniloma-pyhalla\/","og_site_name":"Visit Arctic North","article_publisher":"https:\/\/www.facebook.com\/visitarcticnorth\/","article_published_time":"2020-03-29T18:28:49+00:00","article_modified_time":"2021-04-07T08:53:26+00:00","og_image":[{"width":1032,"height":689,"url":"https:\/\/visitarcticnorth.fi\/wp-content\/uploads\/2020\/03\/miniloma_pyh\u00e4ll\u00e4_4.png","type":"image\/png"}],"author":"Arctic North","twitter_card":"summary_large_image","twitter_misc":{"Kirjoittanut":"Arctic North","Arvioitu lukuaika":"5 minuuttia"},"schema":{"@context":"https:\/\/schema.org","@graph":[{"@type":"Article","@id":"https:\/\/visitarcticnorth.fi\/fi\/miniloma-pyhalla\/#article","isPartOf":{"@id":"https:\/\/visitarcticnorth.fi\/fi\/miniloma-pyhalla\/"},"author":{"name":"Arctic North","@id":"https:\/\/visitarcticnorth.fi\/fi\/#\/schema\/person\/7a616bfedf9f35f955dfcd267a1c914e"},"headline":"Minilomalla Pyh\u00e4ll\u00e4 \u2013 et\u00e4ty\u00f6t\u00e4 ja tunturifiilist\u00e4 sopivassa suhteessa","datePublished":"2020-03-29T18:28:49+00:00","dateModified":"2021-04-07T08:53:26+00:00","mainEntityOfPage":{"@id":"https:\/\/visitarcticnorth.fi\/fi\/miniloma-pyhalla\/"},"wordCount":1085,"commentCount":0,"publisher":{"@id":"https:\/\/visitarcticnorth.fi\/fi\/#organization"},"image":{"@id":"https:\/\/visitarcticnorth.fi\/fi\/miniloma-pyhalla\/#primaryimage"},"thumbnailUrl":"https:\/\/i0.wp.com\/visitarcticnorth.fi\/wp-content\/uploads\/2020\/03\/miniloma_pyh%C3%A4ll%C3%A4_4.png?fit=1032%2C689&ssl=1","keywords":["et\u00e4ty\u00f6t lapissa","et\u00e4ty\u00f6t luosto","et\u00e4ty\u00f6t pyh\u00e4","ravintolat pyh\u00e4","Tekemist\u00e4 Luostolla","tekemist\u00e4 pyh\u00e4ll\u00e4","ty\u00f6skentely lapissa","Visit arctic north","visit luosto"],"articleSection":["Tarinoita Pyh\u00e4lt\u00e4"],"inLanguage":"fi","potentialAction":[{"@type":"CommentAction","name":"Comment","target":["https:\/\/visitarcticnorth.fi\/fi\/miniloma-pyhalla\/#respond"]}]},{"@type":"WebPage","@id":"https:\/\/visitarcticnorth.fi\/fi\/miniloma-pyhalla\/","url":"https:\/\/visitarcticnorth.fi\/fi\/miniloma-pyhalla\/","name":"Minilomalla Pyh\u00e4ll\u00e4 \u2013 et\u00e4ty\u00f6t\u00e4 ja tunturifiilist\u00e4 sopivassa suhteessa - Visit Arctic North","isPartOf":{"@id":"https:\/\/visitarcticnorth.fi\/fi\/#website"},"primaryImageOfPage":{"@id":"https:\/\/visitarcticnorth.fi\/fi\/miniloma-pyhalla\/#primaryimage"},"image":{"@id":"https:\/\/visitarcticnorth.fi\/fi\/miniloma-pyhalla\/#primaryimage"},"thumbnailUrl":"https:\/\/i0.wp.com\/visitarcticnorth.fi\/wp-content\/uploads\/2020\/03\/miniloma_pyh%C3%A4ll%C3%A4_4.png?fit=1032%2C689&ssl=1","datePublished":"2020-03-29T18:28:49+00:00","dateModified":"2021-04-07T08:53:26+00:00","description":"Onko toiveissasi miniloma Pyh\u00e4ll\u00e4? Klikkaa blogiin ja lue, miten voit yhdist\u00e4\u00e4 et\u00e4ty\u00f6t\u00e4 ja tunturifiilist\u00e4 kansallispuiston kupeessa!","breadcrumb":{"@id":"https:\/\/visitarcticnorth.fi\/fi\/miniloma-pyhalla\/#breadcrumb"},"inLanguage":"fi","potentialAction":[{"@type":"ReadAction","target":["https:\/\/visitarcticnorth.fi\/fi\/miniloma-pyhalla\/"]}]},{"@type":"ImageObject","inLanguage":"fi","@id":"https:\/\/visitarcticnorth.fi\/fi\/miniloma-pyhalla\/#primaryimage","url":"https:\/\/i0.wp.com\/visitarcticnorth.fi\/wp-content\/uploads\/2020\/03\/miniloma_pyh%C3%A4ll%C3%A4_4.png?fit=1032%2C689&ssl=1","contentUrl":"https:\/\/i0.wp.com\/visitarcticnorth.fi\/wp-content\/uploads\/2020\/03\/miniloma_pyh%C3%A4ll%C3%A4_4.png?fit=1032%2C689&ssl=1","width":1032,"height":689},{"@type":"BreadcrumbList","@id":"https:\/\/visitarcticnorth.fi\/fi\/miniloma-pyhalla\/#breadcrumb","itemListElement":[{"@type":"ListItem","position":1,"name":"Home","item":"https:\/\/visitarcticnorth.fi\/fi\/"},{"@type":"ListItem","position":2,"name":"Minilomalla Pyh\u00e4ll\u00e4 \u2013 et\u00e4ty\u00f6t\u00e4 ja tunturifiilist\u00e4 sopivassa suhteessa"}]},{"@type":"WebSite","@id":"https:\/\/visitarcticnorth.fi\/fi\/#website","url":"https:\/\/visitarcticnorth.fi\/fi\/","name":"Visit Arctic North","description":"Best of Pyh\u00e4-Luosto","publisher":{"@id":"https:\/\/visitarcticnorth.fi\/fi\/#organization"},"alternateName":"Arctic North","potentialAction":[{"@type":"SearchAction","target":{"@type":"EntryPoint","urlTemplate":"https:\/\/visitarcticnorth.fi\/fi\/?s={search_term_string}"},"query-input":{"@type":"PropertyValueSpecification","valueRequired":true,"valueName":"search_term_string"}}],"inLanguage":"fi"},{"@type":"Organization","@id":"https:\/\/visitarcticnorth.fi\/fi\/#organization","name":"Visit Arctic North","alternateName":"Arctic North","url":"https:\/\/visitarcticnorth.fi\/fi\/","logo":{"@type":"ImageObject","inLanguage":"fi","@id":"https:\/\/visitarcticnorth.fi\/fi\/#\/schema\/logo\/image\/","url":"https:\/\/i0.wp.com\/visitarcticnorth.fi\/wp-content\/uploads\/2023\/12\/Nimeton-malli-1.png?fit=500%2C500&ssl=1","contentUrl":"https:\/\/i0.wp.com\/visitarcticnorth.fi\/wp-content\/uploads\/2023\/12\/Nimeton-malli-1.png?fit=500%2C500&ssl=1","width":500,"height":500,"caption":"Visit Arctic North"},"image":{"@id":"https:\/\/visitarcticnorth.fi\/fi\/#\/schema\/logo\/image\/"},"sameAs":["https:\/\/www.facebook.com\/visitarcticnorth\/","https:\/\/www.instagram.com\/visitarcticnorth\/"]},{"@type":"Person","@id":"https:\/\/visitarcticnorth.fi\/fi\/#\/schema\/person\/7a616bfedf9f35f955dfcd267a1c914e","name":"Arctic North","image":{"@type":"ImageObject","inLanguage":"fi","@id":"https:\/\/secure.gravatar.com\/avatar\/13c021456e0beccc93c2515c52524fd569d5d208ebd158b28ea3b0393ad4b382?s=96&d=mm&r=g","url":"https:\/\/secure.gravatar.com\/avatar\/13c021456e0beccc93c2515c52524fd569d5d208ebd158b28ea3b0393ad4b382?s=96&d=mm&r=g","contentUrl":"https:\/\/secure.gravatar.com\/avatar\/13c021456e0beccc93c2515c52524fd569d5d208ebd158b28ea3b0393ad4b382?s=96&d=mm&r=g","caption":"Arctic North"},"sameAs":["https:\/\/visitarcticnorth.fi"],"url":"https:\/\/visitarcticnorth.fi\/fi\/author\/arctic-north\/"}]}},"jetpack_featured_media_url":"https:\/\/i0.wp.com\/visitarcticnorth.fi\/wp-content\/uploads\/2020\/03\/miniloma_pyh%C3%A4ll%C3%A4_4.png?fit=1032%2C689&ssl=1","jetpack_sharing_enabled":true,"_links":{"self":[{"href":"https:\/\/visitarcticnorth.fi\/fi\/wp-json\/wp\/v2\/posts\/3549","targetHints":{"allow":["GET"]}}],"collection":[{"href":"https:\/\/visitarcticnorth.fi\/fi\/wp-json\/wp\/v2\/posts"}],"about":[{"href":"https:\/\/visitarcticnorth.fi\/fi\/wp-json\/wp\/v2\/types\/post"}],"author":[{"embeddable":true,"href":"https:\/\/visitarcticnorth.fi\/fi\/wp-json\/wp\/v2\/users\/2"}],"replies":[{"embeddable":true,"href":"https:\/\/visitarcticnorth.fi\/fi\/wp-json\/wp\/v2\/comments?post=3549"}],"version-history":[{"count":26,"href":"https:\/\/visitarcticnorth.fi\/fi\/wp-json\/wp\/v2\/posts\/3549\/revisions"}],"predecessor-version":[{"id":3674,"href":"https:\/\/visitarcticnorth.fi\/fi\/wp-json\/wp\/v2\/posts\/3549\/revisions\/3674"}],"wp:featuredmedia":[{"embeddable":true,"href":"https:\/\/visitarcticnorth.fi\/fi\/wp-json\/wp\/v2\/media\/3573"}],"wp:attachment":[{"href":"https:\/\/visitarcticnorth.fi\/fi\/wp-json\/wp\/v2\/media?parent=3549"}],"wp:term":[{"taxonomy":"category","embeddable":true,"href":"https:\/\/visitarcticnorth.fi\/fi\/wp-json\/wp\/v2\/categories?post=3549"},{"taxonomy":"post_tag","embeddable":true,"href":"https:\/\/visitarcticnorth.fi\/fi\/wp-json\/wp\/v2\/tags?post=3549"}],"curies":[{"name":"wp","href":"https:\/\/api.w.org\/{rel}","templated":true}]}}